{"id":778,"date":"2023-03-10T16:33:51","date_gmt":"2023-03-10T19:33:51","guid":{"rendered":"https:\/\/lebriones.art.br\/?p=778"},"modified":"2023-03-10T16:39:45","modified_gmt":"2023-03-10T19:39:45","slug":"artista-de-mocambique-monta-exposicao-em-niteroi","status":"publish","type":"post","link":"https:\/\/lebriones.art.br\/index.php\/2023\/03\/10\/artista-de-mocambique-monta-exposicao-em-niteroi\/","title":{"rendered":"Artista de Mo\u00e7ambique monta exposi\u00e7\u00e3o em Niter\u00f3i"},"content":{"rendered":"<p><img loading=\"lazy\" decoding=\"async\" class=\"alignnone wp-image-779\" src=\"https:\/\/lebriones.art.br\/wp-content\/uploads\/2023\/03\/01-300x300.jpeg\" alt=\"\" width=\"300\" height=\"300\" srcset=\"https:\/\/lebriones.art.br\/wp-content\/uploads\/2023\/03\/01-300x300.jpeg 300w, https:\/\/lebriones.art.br\/wp-content\/uploads\/2023\/03\/01-100x100.jpeg 100w, https:\/\/lebriones.art.br\/wp-content\/uploads\/2023\/03\/01-600x600.jpeg 600w, https:\/\/lebriones.art.br\/wp-content\/uploads\/2023\/03\/01-1024x1024.jpeg 1024w, https:\/\/lebriones.art.br\/wp-content\/uploads\/2023\/03\/01-150x150.jpeg 150w, https:\/\/lebriones.art.br\/wp-content\/uploads\/2023\/03\/01-768x768.jpeg 768w, https:\/\/lebriones.art.br\/wp-content\/uploads\/2023\/03\/01.jpeg 1080w\" sizes=\"(max-width: 300px) 100vw, 300px\" \/><\/p>\n<p><a class=\"x1i10hfl xjbqb8w x6umtig x1b1mbwd xaqea5y xav7gou x9f619 x1ypdohk xt0psk2 xe8uvvx xdj266r x11i5rnm xat24cr x1mh8g0r xexx8yu x4uap5 x18d9i69 xkhd6sd x16tdsg8 x1hl2dhg xggy1nq x1a2a7pz notranslate _a6hd\" tabindex=\"0\" role=\"link\" href=\"https:\/\/www.instagram.com\/lebriones.art\/\">@lebriones.art<\/a><br \/>\nArtista de Mo\u00e7ambique monta exposi\u00e7\u00e3o em Niter\u00f3i<\/p>\n<p>Mil\u00fa Petersen \u00e9 natural de Mo\u00e7ambique, \u00c1frica \u2013 com uma hist\u00f3ria de vida que passa tamb\u00e9m por Portugal, Dinamarca e Brasil. A artista vai expor em Niter\u00f3i, na Galeria Le Briones, a mostra As V\u00eanus de Mil\u00fa e vai ficar at\u00e9 15 de abril, na Regi\u00e3o de Pendotiba.<\/p>\n<p>Formou-se em Artes Pl\u00e1sticas em Lisboa e foi morar na Dinamarca ap\u00f3s o casamento e fez muitos cursos no norte da Europa e em Paris. Veio ao Brasil com o marido e se apaixonaram pelo pa\u00eds, da\u00ed resolveram ficar.<\/p>\n<p>Mil\u00fa retrata o mar, as flores, e as mulheres com cores fortes e impactantes, volumes e tra\u00e7os marcados, temas da vida cotidiana e o n\u00e3o compromisso com a representa\u00e7\u00e3o fiel da realidade s\u00e3o caracter\u00edsticas que mostram que ela recebeu a influ\u00eancia dos impressionistas e fauvistas.<\/p>\n<p>O endere\u00e7o da Galeria Le Briones \u00e9 Shopping Futura fica na Estrada Caetano Monteiro, 1650 lj 207, Pendotiba. A exposi\u00e7\u00e3o pode ser visitada de segunda a s\u00e1bado, das 9h \u00e0s 17h.<\/p>\n<p><a class=\"x1i10hfl xjbqb8w x6umtig x1b1mbwd xaqea5y xav7gou x9f619 x1ypdohk xt0psk2 xe8uvvx xdj266r x11i5rnm xat24cr x1mh8g0r xexx8yu x4uap5 x18d9i69 xkhd6sd x16tdsg8 x1hl2dhg xggy1nq x1a2a7pz _aa9_ _a6hd\" tabindex=\"0\" role=\"link\" href=\"https:\/\/www.instagram.com\/explore\/tags\/mil%C3%BApetersen\/\">#Mil\u00faPetersen<\/a>\u00a0<a class=\"x1i10hfl xjbqb8w x6umtig x1b1mbwd xaqea5y xav7gou x9f619 x1ypdohk xt0psk2 xe8uvvx xdj266r x11i5rnm xat24cr x1mh8g0r xexx8yu x4uap5 x18d9i69 xkhd6sd x16tdsg8 x1hl2dhg xggy1nq x1a2a7pz _aa9_ _a6hd\" tabindex=\"0\" role=\"link\" href=\"https:\/\/www.instagram.com\/explore\/tags\/lebriones\/\">#lebriones<\/a>\u00a0<a class=\"x1i10hfl xjbqb8w x6umtig x1b1mbwd xaqea5y xav7gou x9f619 x1ypdohk xt0psk2 xe8uvvx xdj266r x11i5rnm xat24cr x1mh8g0r xexx8yu x4uap5 x18d9i69 xkhd6sd x16tdsg8 x1hl2dhg xggy1nq x1a2a7pz _aa9_ _a6hd\" tabindex=\"0\" role=\"link\" href=\"https:\/\/www.instagram.com\/explore\/tags\/galeriadeartes\/\">#galeriadeartes<\/a>\u00a0<a class=\"x1i10hfl xjbqb8w x6umtig x1b1mbwd xaqea5y xav7gou x9f619 x1ypdohk xt0psk2 xe8uvvx xdj266r x11i5rnm xat24cr x1mh8g0r xexx8yu x4uap5 x18d9i69 xkhd6sd x16tdsg8 x1hl2dhg xggy1nq x1a2a7pz _aa9_ _a6hd\" tabindex=\"0\" role=\"link\" href=\"https:\/\/www.instagram.com\/explore\/tags\/galerialebriones\/\">#GaleriaLeBriones<\/a>\u00a0<a class=\"x1i10hfl xjbqb8w x6umtig x1b1mbwd xaqea5y xav7gou x9f619 x1ypdohk xt0psk2 xe8uvvx xdj266r x11i5rnm xat24cr x1mh8g0r xexx8yu x4uap5 x18d9i69 xkhd6sd x16tdsg8 x1hl2dhg xggy1nq x1a2a7pz _aa9_ _a6hd\" tabindex=\"0\" role=\"link\" href=\"https:\/\/www.instagram.com\/explore\/tags\/exposicaodeartes\/\">#exposicaodeartes<\/a>\u00a0<a class=\"x1i10hfl xjbqb8w x6umtig x1b1mbwd xaqea5y xav7gou x9f619 x1ypdohk xt0psk2 xe8uvvx xdj266r x11i5rnm xat24cr x1mh8g0r xexx8yu x4uap5 x18d9i69 xkhd6sd x16tdsg8 x1hl2dhg xggy1nq x1a2a7pz _aa9_ _a6hd\" tabindex=\"0\" role=\"link\" href=\"https:\/\/www.instagram.com\/explore\/tags\/culturaniteroi\/\">#culturaniteroi<\/a><\/p>\n","protected":false},"excerpt":{"rendered":"<p>@lebriones.art Artista de Mo\u00e7ambique monta exposi\u00e7\u00e3o em Niter\u00f3i Mil\u00fa Petersen \u00e9 natural de Mo\u00e7ambique, \u00c1frica \u2013 com uma hist\u00f3ria de vida que passa tamb\u00e9m por Portugal, Dinamarca e Brasil. A artista vai expor em Niter\u00f3i, na Galeria Le Briones, a mostra As V\u00eanus de Mil\u00fa e vai<\/p>\n","protected":false},"author":1,"featured_media":782,"comment_status":"closed","ping_status":"closed","sticky":false,"template":"","format":"standard","meta":{"om_disable_all_campaigns":false,"_monsterinsights_skip_tracking":false,"_monsterinsights_sitenote_active":false,"_monsterinsights_sitenote_note":"","_monsterinsights_sitenote_category":0,"footnotes":""},"categories":[21],"tags":[],"_links":{"self":[{"href":"https:\/\/lebriones.art.br\/index.php\/wp-json\/wp\/v2\/posts\/778"}],"collection":[{"href":"https:\/\/lebriones.art.br\/index.php\/wp-json\/wp\/v2\/posts"}],"about":[{"href":"https:\/\/lebriones.art.br\/index.php\/wp-json\/wp\/v2\/types\/post"}],"author":[{"embeddable":true,"href":"https:\/\/lebriones.art.br\/index.php\/wp-json\/wp\/v2\/users\/1"}],"replies":[{"embeddable":true,"href":"https:\/\/lebriones.art.br\/index.php\/wp-json\/wp\/v2\/comments?post=778"}],"version-history":[{"count":2,"href":"https:\/\/lebriones.art.br\/index.php\/wp-json\/wp\/v2\/posts\/778\/revisions"}],"predecessor-version":[{"id":781,"href":"https:\/\/lebriones.art.br\/index.php\/wp-json\/wp\/v2\/posts\/778\/revisions\/781"}],"wp:featuredmedia":[{"embeddable":true,"href":"https:\/\/lebriones.art.br\/index.php\/wp-json\/wp\/v2\/media\/782"}],"wp:attachment":[{"href":"https:\/\/lebriones.art.br\/index.php\/wp-json\/wp\/v2\/media?parent=778"}],"wp:term":[{"taxonomy":"category","embeddable":true,"href":"https:\/\/lebriones.art.br\/index.php\/wp-json\/wp\/v2\/categories?post=778"},{"taxonomy":"post_tag","embeddable":true,"href":"https:\/\/lebriones.art.br\/index.php\/wp-json\/wp\/v2\/tags?post=778"}],"curies":[{"name":"wp","href":"https:\/\/api.w.org\/{rel}","templated":true}]}}