{"id":694,"date":"2023-01-05T16:33:15","date_gmt":"2023-01-05T19:33:15","guid":{"rendered":"https:\/\/lebriones.art.br\/?p=694"},"modified":"2023-01-05T16:34:33","modified_gmt":"2023-01-05T19:34:33","slug":"algo-de-novo-no-ar-le-briones-arts","status":"publish","type":"post","link":"https:\/\/lebriones.art.br\/index.php\/2023\/01\/05\/algo-de-novo-no-ar-le-briones-arts\/","title":{"rendered":"ALGO DE NOVO NO AR &#8211; Le Briones Arts"},"content":{"rendered":"<p><strong>Caderno de cultura Di\u00e1rio de Niter\u00f3i<br \/>\nColunista: Ana Morche<br \/>\n<\/strong><em>Quinta-feira, 05 de Janeiro de 2023<\/em><strong><br \/>\n<\/strong><\/p>\n<p><img loading=\"lazy\" decoding=\"async\" class=\"alignnone wp-image-695 size-full\" src=\"https:\/\/lebriones.art.br\/wp-content\/uploads\/2023\/01\/Leila-Briones.jpg\" alt=\"\" width=\"684\" height=\"691\" srcset=\"https:\/\/lebriones.art.br\/wp-content\/uploads\/2023\/01\/Leila-Briones.jpg 684w, https:\/\/lebriones.art.br\/wp-content\/uploads\/2023\/01\/Leila-Briones-100x100.jpg 100w, https:\/\/lebriones.art.br\/wp-content\/uploads\/2023\/01\/Leila-Briones-600x606.jpg 600w, https:\/\/lebriones.art.br\/wp-content\/uploads\/2023\/01\/Leila-Briones-297x300.jpg 297w\" sizes=\"(max-width: 684px) 100vw, 684px\" \/><\/p>\n<p class=\"has-text-align-left\">Mais um espa\u00e7o desponta no cen\u00e1rio cultural de Niter\u00f3i, o Le Briones Art. Come\u00e7ou timidamente, h\u00e1 alguns meses, como um simples ateli\u00ea individual, mas logo surgiram novas propostas e tudo mudou. Leila, sua fundadora, convidou para um encontro denominado \u201cAlma de Artista\u201d, um grupo atuante, na cidade, em diferentes formas de arte, tais como bal\u00e9, pintura, aquarela, desenho, teatro, paisagismo, fotografia e assim por diante. N\u00e3o se sabia, por\u00e9m, naquele momento, nascia o grupo Plural que viria a ampliar a fun\u00e7\u00e3o daquele charmoso espa\u00e7o com uma grande Exposi\u00e7\u00e3o Coletiva. Abria-se uma nova Galeria.<\/p>\n<p>Para conhecermos, mais de perto, essa novidade, convidamos para uma entrevista a idealizadora de tudo isso, Leila Briones:<\/p>\n<p>AM \u2013 Leila Briones, estamos comemorando o 6\u00ba m\u00eas de exist\u00eancia da Galeria Le Briones Art. Digo no plural e me incluo porque fui agraciada, junto a outros cinco integrantes do Grupo Plural com a honra de inaugurar esse espa\u00e7o t\u00e3o charmoso e aconchegante. \u2013 Come\u00e7ando pelo come\u00e7o, rsrs, conta para nossos leitores sobre a sua forma\u00e7\u00e3o e como chegou at\u00e9 aqui?<\/p>\n<p>LB \u2013 Ana, muito obrigada por sua gentileza e, sim, os Plurais fazem parte dessa hist\u00f3ria do Le Briones que, embora recente, j\u00e1 nos anima a perseverar.<\/p>\n<p>A verdade \u00e9 que, desde crian\u00e7a, gostava de cores e ficava ansiosa pelas aulas de artes, fiz aulas de pintura na adolesc\u00eancia, mas fui desestimulada pela fam\u00edlia a encarar a atividade como profiss\u00e3o. Ent\u00e3o, fui ser \u201calquimista\u201d, fiz curso de Farm\u00e1cia e trabalhei muitos anos em hospitais, por\u00e9m, sempre pintando e fazendo cursos. Em 1998, casada, com dois filhos e morando em Curitiba, entrei para o curso de gradua\u00e7\u00e3o em Educa\u00e7\u00e3o Art\u00edstica na Universidade Federal do Paran\u00e1, o qual frequentei por tr\u00eas anos. Ao voltar ao Rio de Janeiro, continuei meus estudos na UERJ e nas oficinas do Parque Laje, com intuito de complementar meus estudos.<\/p>\n<p>Mas, foi na pandemia que ap\u00f3s pintar um quadro encomendado por familiares decidi montar meu atelier e assumir minha verdadeira voca\u00e7\u00e3o, finalmente a lagarta virou borboleta e voou (risos).<\/p>\n<p>AM \u2013 Sei que voc\u00ea acumula v\u00e1rias fun\u00e7\u00f5es, por aqui. Como isso acontece? E por que Niter\u00f3i?<\/p>\n<p>LB \u2013 Al\u00e9m de gerenciar o local, tamb\u00e9m dou aulas de pintura, cuido das m\u00eddias sociais, do marketing, do RH, organizo a agenda das exposi\u00e7\u00f5es e atuo como rela\u00e7\u00f5es p\u00fablicas da Galeria. S\u00e3o, realmente, muitas fun\u00e7\u00f5es, mas tenho MBA em Gest\u00e3o, pela FGV e Mestrado em Gest\u00e3o, essas forma\u00e7\u00f5es me deram uma boa no\u00e7\u00e3o administrativa. Nos primeiros meses contei tamb\u00e9m com a consultoria de Neide Lucia Almeida, minha amiga e colega de mestrado, e foi quem me ajudou muito a desenhar o modelo de neg\u00f3cio que pensava para o Le Briones.<\/p>\n<p>H\u00e1 algum tempo, influenciada por amigos niteroienses, escolhi Niter\u00f3i para viver e optei por viver em casa j\u00e1 que os filhos ainda muito jovens iriam se adaptar mais rapidamente \u00e0s mudan\u00e7as, afinal v\u00ednhamos de Bel\u00e9m do Par\u00e1, regi\u00e3o de caracter\u00edsticas bem diversas. E foi assim que tivemos como porta de entrada o bairro de Pendotiba, nosso primeiro endere\u00e7o. Foi de cara uma paix\u00e3o por essa cidade que me adotou e me recebeu muito bem. Hoje, ap\u00f3s dezoito anos, me sinto niteroiense.<\/p>\n<p>AM \u2013 Como artista, tem algum estilo, tem\u00e1tica de prefer\u00eancia, linguagem crom\u00e1tica? Qual seu processo de cria\u00e7\u00e3o?<\/p>\n<p>LB \u2013 Tenho uma tend\u00eancia para pinceladas bem soltas, contempor\u00e2neas, \u00e0s vezes uso a esp\u00e1tula. Minha tem\u00e1tica \u00e9 muito ligada ao que me sensibiliza \u2013 os afetos, meio ambiente, o mar, cenas cotidianas e paisagens. Gosto muito de cores fortes e minha palheta, em geral, \u00e9 assim.<\/p>\n<p>O meu processo passa pela capta\u00e7\u00e3o de uma ideia sugerida por uma cena, objeto ou foto, que funciona como uma delicada conversa entre o consciente e o inconsciente, at\u00e9 a materializa\u00e7\u00e3o da imagem proposta na tela.<\/p>\n<p>AM \u2013 Como voc\u00ea v\u00ea o desenvolvimento e o mercado de arte na cidade?<\/p>\n<p>LB \u2013 O Banco de Artistas da Prefeitura de Niter\u00f3i conta com 1800 inscritos, com alcance de aproximadamente 5 mil artistas individuais ou integrantes de grupos. As chamadas p\u00fablicas dos editais da Prefeitura esquentam o mercado e a Galeria Le Briones segue o fluxo, contribuindo com a divulga\u00e7\u00e3o de artistas e eventos culturais na cidade.<\/p>\n<p>AM \u2013 Voltando ao assunto \u2013 Leila, este espa\u00e7o \u00e9 de natureza mista, bem vers\u00e1til \u2013 atelier, loja, galeria, local de cursos. J\u00e1 era um sonho seu ter um espa\u00e7o que tamb\u00e9m fosse pedag\u00f3gico, com aulas de t\u00e9cnicas e tudo mais?<\/p>\n<p>LB \u2013 Sim, o Le Briones tem voca\u00e7\u00e3o para ser um espa\u00e7o did\u00e1tico, j\u00e1 oferecemos cursos de Pintura, Aquarela, Photoshop, Sketchup, e realizamos, com freq\u00fc\u00eancia, workshops abrangendo v\u00e1rias express\u00f5es art\u00edsticas, como Colagem, Aquarela e Origami. Tamb\u00e9m realizamos Rodas de Conversas com artistas, um encontro que batizei de \u201cAlma de Artista\u201d.<\/p>\n<p>AM \u2013 Voc\u00ea que est\u00e1 \u00e0 frente de tudo por aqui, como se define \u2013 mais empres\u00e1ria ou mais artista?<\/p>\n<p>LB \u2013 Acho que sou uma artista que, no momento, tem que ser empres\u00e1ria tamb\u00e9m. N\u00e3o posso me dar ao luxo de me fixar em uma \u00fanica posi\u00e7\u00e3o.<\/p>\n<p>AM \u2013 Qual \u00e9 o sentimento de ver a galeria cheia de visitantes, com uma exposi\u00e7\u00e3o atr\u00e1s da outra, fazendo tanto sucesso em t\u00e3o pouco tempo?<\/p>\n<p>LB \u2013 O sentimento \u00e9 de ben\u00e7\u00e3o e gratid\u00e3o a Deus e aos amigos que nos prestigiam. Tenho muita f\u00e9 e acho que meu trabalho est\u00e1 aben\u00e7oado. Este ano, tivemos exposi\u00e7\u00f5es de grandes artistas como: O Coletivo Plural (B\u00ea Sancho, Ana Morche, Elza Suzuki, Veruska Bahiense e eu), Renato Moreth, Cadu Leal, Cristina Pinho e, recentemente, o lan\u00e7amento de Fefa Guedes com sua incr\u00edvel art t\u00eaxtil.<\/p>\n<p>AM \u2013 Estamos na virada do ano, que projetos voc\u00ea destacaria? J\u00e1 abriu a agenda de 2023?<\/p>\n<p>LB \u2013 Em dezembro aconteceu uma exposi\u00e7\u00e3o de cer\u00e2mica art\u00edstica, a 2\u00aa edi\u00e7\u00e3o do \u201cAlma de Artista\u201d \u2013 numa Roda de Leituras sobre o livro \u201cMulheres em 3 Tempos\u201d e o t\u00e3o esperado Bazar de Arte, com diferentes sugest\u00f5es de presentes para o Natal.<\/p>\n<p>Iniciando o calend\u00e1rio de 2023, teremos, no pr\u00f3ximo dia 28 de janeiro, o escultor Rodrigo Saramago que mostrar\u00e1, n\u00e3o apenas pe\u00e7as de sua autoria num estilo absolutamente personalizado, como tamb\u00e9m esculturas dos alunos que frequentam o seu ateli\u00ea. Devo tamb\u00e9m ressaltar que a Agenda mant\u00e9m-se aberta e ainda com algumas datas dispon\u00edveis.<\/p>\n<p>\u00c9 isso, amigos, o Novo Ano promete e est\u00e1 s\u00f3 come\u00e7ando. Sigamos, em frente!<\/p>\n<p>\u00c9 por a\u00ed, mais gente que faz a diferen\u00e7a. O Ano Novo est\u00e1 prometendo\u2026<\/p>\n<p><strong>Servi\u00e7o<\/strong><\/p>\n<p>Le Briones Arte<br \/>\nShopping Futura, lj 227, Pendotiba<br \/>\nAberto de 2\u00aa a 6\u00aaTel: 21-988661869<\/p>\n<p>&nbsp;<\/p>\n<p><strong>Colunista: Ana Morche<\/strong><br \/>\nForma\u00e7\u00e3o em Letras \u2013 Literaturas (UFF), Arte-Educadora, Artista Visual, Escritora e Poeta.<br \/>\nColuna mensal: reflex\u00e3o \u2013 informa\u00e7\u00e3o \u2013 divulga\u00e7\u00e3o de diferentes tipos de arte produzida em nossa cidade e arredores.<\/p>\n","protected":false},"excerpt":{"rendered":"<p>Caderno de cultura Di\u00e1rio de Niter\u00f3i Colunista: Ana Morche Quinta-feira, 05 de Janeiro de 2023 Mais um espa\u00e7o desponta no cen\u00e1rio cultural de Niter\u00f3i, o Le Briones Art. Come\u00e7ou timidamente, h\u00e1 alguns meses, como um simples ateli\u00ea individual, mas logo surgiram novas propostas e tudo mudou. Leila,<\/p>\n","protected":false},"author":1,"featured_media":695,"comment_status":"closed","ping_status":"closed","sticky":false,"template":"","format":"standard","meta":{"om_disable_all_campaigns":false,"_monsterinsights_skip_tracking":false,"_monsterinsights_sitenote_active":false,"_monsterinsights_sitenote_note":"","_monsterinsights_sitenote_category":0,"footnotes":""},"categories":[21],"tags":[],"_links":{"self":[{"href":"https:\/\/lebriones.art.br\/index.php\/wp-json\/wp\/v2\/posts\/694"}],"collection":[{"href":"https:\/\/lebriones.art.br\/index.php\/wp-json\/wp\/v2\/posts"}],"about":[{"href":"https:\/\/lebriones.art.br\/index.php\/wp-json\/wp\/v2\/types\/post"}],"author":[{"embeddable":true,"href":"https:\/\/lebriones.art.br\/index.php\/wp-json\/wp\/v2\/users\/1"}],"replies":[{"embeddable":true,"href":"https:\/\/lebriones.art.br\/index.php\/wp-json\/wp\/v2\/comments?post=694"}],"version-history":[{"count":2,"href":"https:\/\/lebriones.art.br\/index.php\/wp-json\/wp\/v2\/posts\/694\/revisions"}],"predecessor-version":[{"id":697,"href":"https:\/\/lebriones.art.br\/index.php\/wp-json\/wp\/v2\/posts\/694\/revisions\/697"}],"wp:featuredmedia":[{"embeddable":true,"href":"https:\/\/lebriones.art.br\/index.php\/wp-json\/wp\/v2\/media\/695"}],"wp:attachment":[{"href":"https:\/\/lebriones.art.br\/index.php\/wp-json\/wp\/v2\/media?parent=694"}],"wp:term":[{"taxonomy":"category","embeddable":true,"href":"https:\/\/lebriones.art.br\/index.php\/wp-json\/wp\/v2\/categories?post=694"},{"taxonomy":"post_tag","embeddable":true,"href":"https:\/\/lebriones.art.br\/index.php\/wp-json\/wp\/v2\/tags?post=694"}],"curies":[{"name":"wp","href":"https:\/\/api.w.org\/{rel}","templated":true}]}}