{"id":583,"date":"2022-11-07T18:12:31","date_gmt":"2022-11-07T21:12:31","guid":{"rendered":"https:\/\/lebriones.art.br\/?p=583"},"modified":"2022-11-07T18:40:54","modified_gmt":"2022-11-07T21:40:54","slug":"galeria-movimentada-folha-de-niteroi","status":"publish","type":"post","link":"https:\/\/lebriones.art.br\/index.php\/2022\/11\/07\/galeria-movimentada-folha-de-niteroi\/","title":{"rendered":"Galeria Movimentada (Folha de Niter\u00f3i)"},"content":{"rendered":"<p><img loading=\"lazy\" decoding=\"async\" class=\"alignnone wp-image-586 size-full\" src=\"https:\/\/lebriones.art.br\/wp-content\/uploads\/2022\/11\/WhatsApp-Image-2022-10-29-at-12.38.17-PM.jpeg\" alt=\"\" width=\"543\" height=\"334\" srcset=\"https:\/\/lebriones.art.br\/wp-content\/uploads\/2022\/11\/WhatsApp-Image-2022-10-29-at-12.38.17-PM.jpeg 543w, https:\/\/lebriones.art.br\/wp-content\/uploads\/2022\/11\/WhatsApp-Image-2022-10-29-at-12.38.17-PM-300x185.jpeg 300w\" sizes=\"(max-width: 543px) 100vw, 543px\" \/><\/p>\n<p>Inaugurada h\u00e1 apenas seis meses pela artista pl\u00e1stica Leila Briones, a Galeria Le Briones, em Pendotiba, entrou definitivamente para o roteiro art\u00edstico e cultural da cidade.<\/p>\n<p>Inicialmente concebido para ser o ateli\u00ea e abrigar as telas autorais de Leila, o espa\u00e7o logo se mostrou perfeito para muito mais.<br \/>\nTanto que, neste final de semana, a sala vai receber a artista t\u00eaxtil Fefa Guedes e sua exposi\u00e7\u00e3o &#8220;Tecituras afetivas&#8221;, que ficar\u00e1 em cartaz at\u00e9 dia 26 de novembro.<br \/>\nA agenda n\u00e3o para por a\u00ed e j\u00e1 tem data a vernissage do escultor Rodrigo Saramago, em janeiro. Como se v\u00ea, a galeria nasceu grande e com voca\u00e7\u00e3o para ser refer\u00eancia.<\/p>\n<p>Fonte: Folha de Niter\u00f3i, semana 28 de outubro a 4 de novembro 2022.<\/p>\n","protected":false},"excerpt":{"rendered":"<p>Inaugurada h\u00e1 apenas seis meses pela artista pl\u00e1stica Leila Briones, a Galeria Le Briones, em Pendotiba, entrou definitivamente para o roteiro art\u00edstico e cultural da cidade. Inicialmente concebido para ser o ateli\u00ea e abrigar as telas autorais de Leila, o espa\u00e7o logo se mostrou perfeito para muito<\/p>\n","protected":false},"author":1,"featured_media":590,"comment_status":"closed","ping_status":"closed","sticky":false,"template":"","format":"standard","meta":{"om_disable_all_campaigns":false,"_monsterinsights_skip_tracking":false,"_monsterinsights_sitenote_active":false,"_monsterinsights_sitenote_note":"","_monsterinsights_sitenote_category":0,"footnotes":""},"categories":[21],"tags":[],"_links":{"self":[{"href":"https:\/\/lebriones.art.br\/index.php\/wp-json\/wp\/v2\/posts\/583"}],"collection":[{"href":"https:\/\/lebriones.art.br\/index.php\/wp-json\/wp\/v2\/posts"}],"about":[{"href":"https:\/\/lebriones.art.br\/index.php\/wp-json\/wp\/v2\/types\/post"}],"author":[{"embeddable":true,"href":"https:\/\/lebriones.art.br\/index.php\/wp-json\/wp\/v2\/users\/1"}],"replies":[{"embeddable":true,"href":"https:\/\/lebriones.art.br\/index.php\/wp-json\/wp\/v2\/comments?post=583"}],"version-history":[{"count":3,"href":"https:\/\/lebriones.art.br\/index.php\/wp-json\/wp\/v2\/posts\/583\/revisions"}],"predecessor-version":[{"id":585,"href":"https:\/\/lebriones.art.br\/index.php\/wp-json\/wp\/v2\/posts\/583\/revisions\/585"}],"wp:featuredmedia":[{"embeddable":true,"href":"https:\/\/lebriones.art.br\/index.php\/wp-json\/wp\/v2\/media\/590"}],"wp:attachment":[{"href":"https:\/\/lebriones.art.br\/index.php\/wp-json\/wp\/v2\/media?parent=583"}],"wp:term":[{"taxonomy":"category","embeddable":true,"href":"https:\/\/lebriones.art.br\/index.php\/wp-json\/wp\/v2\/categories?post=583"},{"taxonomy":"post_tag","embeddable":true,"href":"https:\/\/lebriones.art.br\/index.php\/wp-json\/wp\/v2\/tags?post=583"}],"curies":[{"name":"wp","href":"https:\/\/api.w.org\/{rel}","templated":true}]}}