{"id":2610,"date":"2025-04-07T15:22:10","date_gmt":"2025-04-07T18:22:10","guid":{"rendered":"https:\/\/lebriones.art.br\/?p=2610"},"modified":"2025-04-07T15:22:35","modified_gmt":"2025-04-07T18:22:35","slug":"exposicao-inverso-do-coletivo-plural-no-mac-niteroi","status":"publish","type":"post","link":"https:\/\/lebriones.art.br\/index.php\/2025\/04\/07\/exposicao-inverso-do-coletivo-plural-no-mac-niteroi\/","title":{"rendered":"Exposi\u00e7\u00e3o Inverso do Coletivo Plural no MAC Niter\u00f3i"},"content":{"rendered":"<h2>Exposi\u00e7\u00e3o Inverso do Coletivo Plural<\/h2>\n<p>Est\u00e1 em cartaz nas varandas do MAC &#8211; <strong>De 22\/03 a 01\/06<\/strong>.<br \/>\nVoc\u00ea n\u00e3o pode deixar de conferir! \ud83d\udc4f\ud83d\udc4f\ud83d\udc4f\ud83d\udc4f\ud83d\ude0d<\/p>\n<p><img loading=\"lazy\" decoding=\"async\" class=\"wp-image-2611 size-full aligncenter\" src=\"https:\/\/lebriones.art.br\/wp-content\/uploads\/2025\/04\/SaveClip.App_485130105_17924275917045421_839545951062241993_n.webp\" alt=\"\" width=\"1080\" height=\"1350\" srcset=\"https:\/\/lebriones.art.br\/wp-content\/uploads\/2025\/04\/SaveClip.App_485130105_17924275917045421_839545951062241993_n.webp 1080w, https:\/\/lebriones.art.br\/wp-content\/uploads\/2025\/04\/SaveClip.App_485130105_17924275917045421_839545951062241993_n-240x300.webp 240w, https:\/\/lebriones.art.br\/wp-content\/uploads\/2025\/04\/SaveClip.App_485130105_17924275917045421_839545951062241993_n-819x1024.webp 819w, https:\/\/lebriones.art.br\/wp-content\/uploads\/2025\/04\/SaveClip.App_485130105_17924275917045421_839545951062241993_n-768x960.webp 768w, https:\/\/lebriones.art.br\/wp-content\/uploads\/2025\/04\/SaveClip.App_485130105_17924275917045421_839545951062241993_n-600x750.webp 600w\" sizes=\"(max-width: 1080px) 100vw, 1080px\" \/><\/p>\n\n\t\t<style type=\"text\/css\">\n\t\t\t#gallery-1 {\n\t\t\t\tmargin: auto;\n\t\t\t}\n\t\t\t#gallery-1 .gallery-item {\n\t\t\t\tfloat: left;\n\t\t\t\tmargin-top: 10px;\n\t\t\t\ttext-align: center;\n\t\t\t\twidth: 33%;\n\t\t\t}\n\t\t\t#gallery-1 img {\n\t\t\t\tborder: 2px solid #cfcfcf;\n\t\t\t}\n\t\t\t#gallery-1 .gallery-caption {\n\t\t\t\tmargin-left: 0;\n\t\t\t}\n\t\t\t\/* see gallery_shortcode() in wp-includes\/media.php *\/\n\t\t<\/style>\n\t\t<div id='gallery-1' class='gallery galleryid-2610 gallery-columns-3 gallery-size-medium'><dl class='gallery-item'>\n\t\t\t<dt class='gallery-icon landscape'>\n\t\t\t\t<a rel='wp-prettyPhoto[gallery]' href='https:\/\/lebriones.art.br\/wp-content\/uploads\/2025\/04\/1.webp'><img loading=\"lazy\" decoding=\"async\" width=\"300\" height=\"300\" src=\"https:\/\/lebriones.art.br\/wp-content\/uploads\/2025\/04\/1-300x300.webp\" class=\"attachment-medium size-medium\" alt=\"\" srcset=\"https:\/\/lebriones.art.br\/wp-content\/uploads\/2025\/04\/1-300x300.webp 300w, https:\/\/lebriones.art.br\/wp-content\/uploads\/2025\/04\/1-1024x1024.webp 1024w, https:\/\/lebriones.art.br\/wp-content\/uploads\/2025\/04\/1-150x150.webp 150w, https:\/\/lebriones.art.br\/wp-content\/uploads\/2025\/04\/1-768x768.webp 768w, https:\/\/lebriones.art.br\/wp-content\/uploads\/2025\/04\/1-600x600.webp 600w, https:\/\/lebriones.art.br\/wp-content\/uploads\/2025\/04\/1-100x100.webp 100w, https:\/\/lebriones.art.br\/wp-content\/uploads\/2025\/04\/1.webp 1080w\" sizes=\"(max-width: 300px) 100vw, 300px\" \/><\/a>\n\t\t\t<\/dt><\/dl><dl class='gallery-item'>\n\t\t\t<dt class='gallery-icon landscape'>\n\t\t\t\t<a rel='wp-prettyPhoto[gallery]' href='https:\/\/lebriones.art.br\/wp-content\/uploads\/2025\/04\/2.webp'><img loading=\"lazy\" decoding=\"async\" width=\"300\" height=\"300\" src=\"https:\/\/lebriones.art.br\/wp-content\/uploads\/2025\/04\/2-300x300.webp\" class=\"attachment-medium size-medium\" alt=\"\" srcset=\"https:\/\/lebriones.art.br\/wp-content\/uploads\/2025\/04\/2-300x300.webp 300w, https:\/\/lebriones.art.br\/wp-content\/uploads\/2025\/04\/2-1024x1024.webp 1024w, https:\/\/lebriones.art.br\/wp-content\/uploads\/2025\/04\/2-150x150.webp 150w, https:\/\/lebriones.art.br\/wp-content\/uploads\/2025\/04\/2-768x768.webp 768w, https:\/\/lebriones.art.br\/wp-content\/uploads\/2025\/04\/2-600x600.webp 600w, https:\/\/lebriones.art.br\/wp-content\/uploads\/2025\/04\/2-100x100.webp 100w, https:\/\/lebriones.art.br\/wp-content\/uploads\/2025\/04\/2.webp 1080w\" sizes=\"(max-width: 300px) 100vw, 300px\" \/><\/a>\n\t\t\t<\/dt><\/dl><dl class='gallery-item'>\n\t\t\t<dt class='gallery-icon landscape'>\n\t\t\t\t<a rel='wp-prettyPhoto[gallery]' href='https:\/\/lebriones.art.br\/wp-content\/uploads\/2025\/04\/3.webp'><img loading=\"lazy\" decoding=\"async\" width=\"300\" height=\"300\" src=\"https:\/\/lebriones.art.br\/wp-content\/uploads\/2025\/04\/3-300x300.webp\" class=\"attachment-medium size-medium\" alt=\"\" srcset=\"https:\/\/lebriones.art.br\/wp-content\/uploads\/2025\/04\/3-300x300.webp 300w, https:\/\/lebriones.art.br\/wp-content\/uploads\/2025\/04\/3-1024x1024.webp 1024w, https:\/\/lebriones.art.br\/wp-content\/uploads\/2025\/04\/3-150x150.webp 150w, https:\/\/lebriones.art.br\/wp-content\/uploads\/2025\/04\/3-768x768.webp 768w, https:\/\/lebriones.art.br\/wp-content\/uploads\/2025\/04\/3-600x600.webp 600w, https:\/\/lebriones.art.br\/wp-content\/uploads\/2025\/04\/3-100x100.webp 100w, https:\/\/lebriones.art.br\/wp-content\/uploads\/2025\/04\/3.webp 1080w\" sizes=\"(max-width: 300px) 100vw, 300px\" \/><\/a>\n\t\t\t<\/dt><\/dl><br style=\"clear: both\" \/>\n\t\t<\/div>\n\n<p>Artistas: @besanchoatelier<br \/>\n@lebriones.art<br \/>\n@veruskabahiense<br \/>\n@wilcatarina<\/p>\n<p>Curadoria: @besanchoatelier<\/p>\n<p>#culturaniteroi<br \/>\n#coletivopluralniteroi<br \/>\n#museudeartecomtemporaneaniteroi<br \/>\n#prefeituraniteroi<br \/>\n#secretariadeculturadeniteroi<br \/>\n#pintura<br \/>\n#arte<\/p>\n","protected":false},"excerpt":{"rendered":"<p>Exposi\u00e7\u00e3o Inverso do Coletivo Plural Est\u00e1 em cartaz nas varandas do MAC &#8211; De 22\/03 a 01\/06. Voc\u00ea n\u00e3o pode deixar de conferir! \ud83d\udc4f\ud83d\udc4f\ud83d\udc4f\ud83d\udc4f\ud83d\ude0d Artistas: @besanchoatelier @lebriones.art @veruskabahiense @wilcatarina Curadoria: @besanchoatelier #culturaniteroi #coletivopluralniteroi #museudeartecomtemporaneaniteroi #prefeituraniteroi #secretariadeculturadeniteroi #pintura #arte<\/p>\n","protected":false},"author":1,"featured_media":2612,"comment_status":"closed","ping_status":"closed","sticky":false,"template":"","format":"standard","meta":{"om_disable_all_campaigns":false,"_monsterinsights_skip_tracking":false,"_monsterinsights_sitenote_active":false,"_monsterinsights_sitenote_note":"","_monsterinsights_sitenote_category":0,"footnotes":""},"categories":[21],"tags":[],"_links":{"self":[{"href":"https:\/\/lebriones.art.br\/index.php\/wp-json\/wp\/v2\/posts\/2610"}],"collection":[{"href":"https:\/\/lebriones.art.br\/index.php\/wp-json\/wp\/v2\/posts"}],"about":[{"href":"https:\/\/lebriones.art.br\/index.php\/wp-json\/wp\/v2\/types\/post"}],"author":[{"embeddable":true,"href":"https:\/\/lebriones.art.br\/index.php\/wp-json\/wp\/v2\/users\/1"}],"replies":[{"embeddable":true,"href":"https:\/\/lebriones.art.br\/index.php\/wp-json\/wp\/v2\/comments?post=2610"}],"version-history":[{"count":8,"href":"https:\/\/lebriones.art.br\/index.php\/wp-json\/wp\/v2\/posts\/2610\/revisions"}],"predecessor-version":[{"id":2624,"href":"https:\/\/lebriones.art.br\/index.php\/wp-json\/wp\/v2\/posts\/2610\/revisions\/2624"}],"wp:featuredmedia":[{"embeddable":true,"href":"https:\/\/lebriones.art.br\/index.php\/wp-json\/wp\/v2\/media\/2612"}],"wp:attachment":[{"href":"https:\/\/lebriones.art.br\/index.php\/wp-json\/wp\/v2\/media?parent=2610"}],"wp:term":[{"taxonomy":"category","embeddable":true,"href":"https:\/\/lebriones.art.br\/index.php\/wp-json\/wp\/v2\/categories?post=2610"},{"taxonomy":"post_tag","embeddable":true,"href":"https:\/\/lebriones.art.br\/index.php\/wp-json\/wp\/v2\/tags?post=2610"}],"curies":[{"name":"wp","href":"https:\/\/api.w.org\/{rel}","templated":true}]}}