{"id":227,"date":"2022-06-25T17:31:20","date_gmt":"2022-06-25T20:31:20","guid":{"rendered":"http:\/\/lebriones.art.br\/?p=227"},"modified":"2022-07-15T12:12:23","modified_gmt":"2022-07-15T15:12:23","slug":"227","status":"publish","type":"post","link":"https:\/\/lebriones.art.br\/index.php\/2022\/06\/25\/227\/","title":{"rendered":"Exposi\u00e7\u00e3o PLURAL"},"content":{"rendered":"<p><img loading=\"lazy\" decoding=\"async\" class=\"alignnone wp-image-228 size-full\" src=\"http:\/\/lebriones.art.br\/wp-content\/uploads\/2022\/06\/WhatsApp-Image-2022-06-25-at-09.00.17.jpeg\" alt=\"\" width=\"720\" height=\"720\" srcset=\"https:\/\/lebriones.art.br\/wp-content\/uploads\/2022\/06\/WhatsApp-Image-2022-06-25-at-09.00.17.jpeg 720w, https:\/\/lebriones.art.br\/wp-content\/uploads\/2022\/06\/WhatsApp-Image-2022-06-25-at-09.00.17-300x300.jpeg 300w, https:\/\/lebriones.art.br\/wp-content\/uploads\/2022\/06\/WhatsApp-Image-2022-06-25-at-09.00.17-100x100.jpeg 100w, https:\/\/lebriones.art.br\/wp-content\/uploads\/2022\/06\/WhatsApp-Image-2022-06-25-at-09.00.17-600x600.jpeg 600w, https:\/\/lebriones.art.br\/wp-content\/uploads\/2022\/06\/WhatsApp-Image-2022-06-25-at-09.00.17-150x150.jpeg 150w\" sizes=\"(max-width: 720px) 100vw, 720px\" \/><\/p>\n<p>A galeria Le Briones convida para sua primeira exposi\u00e7\u00e3o coletiva.<\/p>\n<p>A est\u00e9tica dos afetos revelada nas obras de:<\/p>\n<p>ANA MORCHE<br \/>\nB\u00ca SANCHO<br \/>\nELZA SUZUKI<br \/>\nLE BRIONES<br \/>\nVERUSKA BAHIENSE<br \/>\nWIL CATARINA<\/p>\n<p>A galeria lebriones.art convida ao p\u00fablico para visitar a EXPO PLURAL. A coletiva desenvolve o tema dos afetos em obras de arte dos incr\u00edveis artistas:\u00a0<a class=\"oajrlxb2 g5ia77u1 qu0x051f esr5mh6w e9989ue4 r7d6kgcz rq0escxv nhd2j8a9 nc684nl6 p7hjln8o kvgmc6g5 cxmmr5t8 oygrvhab hcukyx3x jb3vyjys rz4wbd8a qt6c0cv9 a8nywdso i1ao9s8h esuyzwwr f1sip0of lzcic4wl notranslate _a6hd\" tabindex=\"0\" role=\"link\" href=\"https:\/\/www.instagram.com\/anamorche01\/\">@anamorche01<\/a>\u00a0,\u00a0<a class=\"oajrlxb2 g5ia77u1 qu0x051f esr5mh6w e9989ue4 r7d6kgcz rq0escxv nhd2j8a9 nc684nl6 p7hjln8o kvgmc6g5 cxmmr5t8 oygrvhab hcukyx3x jb3vyjys rz4wbd8a qt6c0cv9 a8nywdso i1ao9s8h esuyzwwr f1sip0of lzcic4wl notranslate _a6hd\" tabindex=\"0\" role=\"link\" href=\"https:\/\/www.instagram.com\/besancho\/\">@besancho<\/a>\u00a0,\u00a0<a class=\"oajrlxb2 g5ia77u1 qu0x051f esr5mh6w e9989ue4 r7d6kgcz rq0escxv nhd2j8a9 nc684nl6 p7hjln8o kvgmc6g5 cxmmr5t8 oygrvhab hcukyx3x jb3vyjys rz4wbd8a qt6c0cv9 a8nywdso i1ao9s8h esuyzwwr f1sip0of lzcic4wl notranslate _a6hd\" tabindex=\"0\" role=\"link\" href=\"https:\/\/www.instagram.com\/elzasuzuki\/\">@elzasuzuki<\/a>\u00a0,\u00a0<a class=\"oajrlxb2 g5ia77u1 qu0x051f esr5mh6w e9989ue4 r7d6kgcz rq0escxv nhd2j8a9 nc684nl6 p7hjln8o kvgmc6g5 cxmmr5t8 oygrvhab hcukyx3x jb3vyjys rz4wbd8a qt6c0cv9 a8nywdso i1ao9s8h esuyzwwr f1sip0of lzcic4wl notranslate _a6hd\" tabindex=\"0\" role=\"link\" href=\"https:\/\/www.instagram.com\/leilagbriones\/\">@leilagbriones<\/a>\u00a0,\u00a0<a class=\"oajrlxb2 g5ia77u1 qu0x051f esr5mh6w e9989ue4 r7d6kgcz rq0escxv nhd2j8a9 nc684nl6 p7hjln8o kvgmc6g5 cxmmr5t8 oygrvhab hcukyx3x jb3vyjys rz4wbd8a qt6c0cv9 a8nywdso i1ao9s8h esuyzwwr f1sip0of lzcic4wl notranslate _a6hd\" tabindex=\"0\" role=\"link\" href=\"https:\/\/www.instagram.com\/veruskabahiense\/\">@veruskabahiense<\/a>\u00a0,\u00a0<a class=\"oajrlxb2 g5ia77u1 qu0x051f esr5mh6w e9989ue4 r7d6kgcz rq0escxv nhd2j8a9 nc684nl6 p7hjln8o kvgmc6g5 cxmmr5t8 oygrvhab hcukyx3x jb3vyjys rz4wbd8a qt6c0cv9 a8nywdso i1ao9s8h esuyzwwr f1sip0of lzcic4wl notranslate _a6hd\" tabindex=\"0\" role=\"link\" href=\"https:\/\/www.instagram.com\/wilcatarina\/\">@wilcatarina<\/a>\u00a0A inaugura\u00e7\u00e3o ser\u00e1 no dia 25.06.2022 \u00e0s 14h e ter\u00e1 permanecia do dia 27.06.2022 at\u00e9 dia 23.07.2022, das 9h \u00e0s 17h, de segunda a s\u00e1bado. Contamos, tamb\u00e9m, hoje com o apoio cultural da\u00a0<a class=\"oajrlxb2 g5ia77u1 qu0x051f esr5mh6w e9989ue4 r7d6kgcz rq0escxv nhd2j8a9 nc684nl6 p7hjln8o kvgmc6g5 cxmmr5t8 oygrvhab hcukyx3x jb3vyjys rz4wbd8a qt6c0cv9 a8nywdso i1ao9s8h esuyzwwr f1sip0of lzcic4wl notranslate _a6hd\" tabindex=\"0\" role=\"link\" href=\"https:\/\/www.instagram.com\/fastframeniteroi\/\">@fastframeniteroi<\/a><\/p>\n<p><strong>Entrada gratuita. <\/strong>O espa\u00e7o se encontra no Shopping Futura, loja 227, Estrada Caetano Monteiro, 1650, Niter\u00f3i &#8211; RJ.<\/p>\n","protected":false},"excerpt":{"rendered":"<p>A galeria Le Briones convida para sua primeira exposi\u00e7\u00e3o coletiva. A est\u00e9tica dos afetos revelada nas obras de: ANA MORCHE B\u00ca SANCHO ELZA SUZUKI LE BRIONES VERUSKA BAHIENSE WIL CATARINA A galeria lebriones.art convida ao p\u00fablico para visitar a EXPO PLURAL. A coletiva desenvolve o tema dos<\/p>\n","protected":false},"author":1,"featured_media":228,"comment_status":"closed","ping_status":"closed","sticky":false,"template":"","format":"standard","meta":{"om_disable_all_campaigns":false,"_monsterinsights_skip_tracking":false,"_monsterinsights_sitenote_active":false,"_monsterinsights_sitenote_note":"","_monsterinsights_sitenote_category":0,"footnotes":""},"categories":[21],"tags":[],"_links":{"self":[{"href":"https:\/\/lebriones.art.br\/index.php\/wp-json\/wp\/v2\/posts\/227"}],"collection":[{"href":"https:\/\/lebriones.art.br\/index.php\/wp-json\/wp\/v2\/posts"}],"about":[{"href":"https:\/\/lebriones.art.br\/index.php\/wp-json\/wp\/v2\/types\/post"}],"author":[{"embeddable":true,"href":"https:\/\/lebriones.art.br\/index.php\/wp-json\/wp\/v2\/users\/1"}],"replies":[{"embeddable":true,"href":"https:\/\/lebriones.art.br\/index.php\/wp-json\/wp\/v2\/comments?post=227"}],"version-history":[{"count":4,"href":"https:\/\/lebriones.art.br\/index.php\/wp-json\/wp\/v2\/posts\/227\/revisions"}],"predecessor-version":[{"id":399,"href":"https:\/\/lebriones.art.br\/index.php\/wp-json\/wp\/v2\/posts\/227\/revisions\/399"}],"wp:featuredmedia":[{"embeddable":true,"href":"https:\/\/lebriones.art.br\/index.php\/wp-json\/wp\/v2\/media\/228"}],"wp:attachment":[{"href":"https:\/\/lebriones.art.br\/index.php\/wp-json\/wp\/v2\/media?parent=227"}],"wp:term":[{"taxonomy":"category","embeddable":true,"href":"https:\/\/lebriones.art.br\/index.php\/wp-json\/wp\/v2\/categories?post=227"},{"taxonomy":"post_tag","embeddable":true,"href":"https:\/\/lebriones.art.br\/index.php\/wp-json\/wp\/v2\/tags?post=227"}],"curies":[{"name":"wp","href":"https:\/\/api.w.org\/{rel}","templated":true}]}}