{"id":1890,"date":"2024-03-18T17:23:12","date_gmt":"2024-03-18T20:23:12","guid":{"rendered":"https:\/\/lebriones.art.br\/?p=1890"},"modified":"2024-03-18T20:08:58","modified_gmt":"2024-03-18T23:08:58","slug":"tudo-blue-por-leandro-amora-do-lago","status":"publish","type":"post","link":"https:\/\/lebriones.art.br\/index.php\/2024\/03\/18\/tudo-blue-por-leandro-amora-do-lago\/","title":{"rendered":"Tudo Blue. Por Leandro Amora do Lago"},"content":{"rendered":"<header class=\"entry-header\">\n<h1 class=\"entry-title\">Tudo Blue.<\/h1>\n<\/header>\n<div class=\"entry-content\">\n<p class=\"site-title\"><a title=\"Por Leandro Amora do Lago\" href=\"https:\/\/leandroamoradolago.com.br\/2024\/03\/17\/tudo-blue\/\" target=\"_blank\" rel=\"noopener\"><em>POR LEANDRO AMORA DO LAGO<\/em><\/a><\/p>\n<p class=\"site-description\">Atualidades | contato: leandrodolago@hotmail.com<\/p>\n<p class=\"has-text-align-center\" style=\"text-align: left;\">O azul deu o tom e os mais de cem convidados foram, um a um, sendo envolvidos pela provoca\u00e7\u00e3o que as obras assinadas pela artista visual,<strong>\u00a0Leila Briones<\/strong>, lhes apresentou na noite da \u00faltima ter\u00e7a-feira, dia 12, no<strong>\u00a0lobby<\/strong>\u00a0do\u00a0<strong>Hotel Orizzonte<\/strong>, no\u00a0<strong>Gragoat\u00e1<\/strong>. Confira as fotos do\u00a0<strong>Luiz Reis<\/strong>.<\/p>\n<p><img loading=\"lazy\" decoding=\"async\" class=\"alignnone wp-image-1891 size-full\" src=\"https:\/\/lebriones.art.br\/wp-content\/uploads\/2024\/03\/foto-01.png\" alt=\"\" width=\"768\" height=\"512\" srcset=\"https:\/\/lebriones.art.br\/wp-content\/uploads\/2024\/03\/foto-01.png 768w, https:\/\/lebriones.art.br\/wp-content\/uploads\/2024\/03\/foto-01-600x400.png 600w, https:\/\/lebriones.art.br\/wp-content\/uploads\/2024\/03\/foto-01-300x200.png 300w\" sizes=\"(max-width: 768px) 100vw, 768px\" \/><em>Neide L\u00facia Almeida, Renato Moreth e Leila Briones.<\/em><\/p>\n<\/div>\n<p>&nbsp;<\/p>\n<p><img loading=\"lazy\" decoding=\"async\" class=\"alignnone wp-image-1893 size-full\" src=\"https:\/\/lebriones.art.br\/wp-content\/uploads\/2024\/03\/foto-02.png\" alt=\"\" width=\"768\" height=\"512\" srcset=\"https:\/\/lebriones.art.br\/wp-content\/uploads\/2024\/03\/foto-02.png 768w, https:\/\/lebriones.art.br\/wp-content\/uploads\/2024\/03\/foto-02-600x400.png 600w, https:\/\/lebriones.art.br\/wp-content\/uploads\/2024\/03\/foto-02-300x200.png 300w\" sizes=\"(max-width: 768px) 100vw, 768px\" \/><br \/>\n<em>Leila Briones entre o casal Karla e Rodrigo Pegado.<br \/>\n<\/em><br \/>\nTendo o mar como protagonista absoluto de sua primeira individual,<strong>\u00a0Briones<\/strong>\u00a0com sua sensibilidade, precis\u00e3o e riqueza de detalhes nas pinturas, fez todos respirarem e mergulharem na profundidade das imagens lindamente reproduzidas em suas telas.<em><br \/>\n<\/em><\/p>\n<p>&nbsp;<\/p>\n<p><img loading=\"lazy\" decoding=\"async\" class=\"alignnone wp-image-1894 size-full\" src=\"https:\/\/lebriones.art.br\/wp-content\/uploads\/2024\/03\/foto-03.png\" alt=\"\" width=\"768\" height=\"512\" srcset=\"https:\/\/lebriones.art.br\/wp-content\/uploads\/2024\/03\/foto-03.png 768w, https:\/\/lebriones.art.br\/wp-content\/uploads\/2024\/03\/foto-03-600x400.png 600w, https:\/\/lebriones.art.br\/wp-content\/uploads\/2024\/03\/foto-03-300x200.png 300w\" sizes=\"(max-width: 768px) 100vw, 768px\" \/><\/p>\n<p><em>Leila Briones Carla Chianello, Renato Moreth e Arilene de Souza Paula.<\/em><\/p>\n<p>&nbsp;<\/p>\n<p><img loading=\"lazy\" decoding=\"async\" class=\"alignnone wp-image-1895 size-full\" src=\"https:\/\/lebriones.art.br\/wp-content\/uploads\/2024\/03\/foto-04.png\" alt=\"\" width=\"768\" height=\"512\" srcset=\"https:\/\/lebriones.art.br\/wp-content\/uploads\/2024\/03\/foto-04.png 768w, https:\/\/lebriones.art.br\/wp-content\/uploads\/2024\/03\/foto-04-600x400.png 600w, https:\/\/lebriones.art.br\/wp-content\/uploads\/2024\/03\/foto-04-300x200.png 300w\" sizes=\"(max-width: 768px) 100vw, 768px\" \/><br \/>\n<em>Christa Grael, Leila Briones e Heidi Vogel.<\/em><\/p>\n<p><strong><br \/>\nNeide L\u00facia de Almeida<\/strong>\u00a0e\u00a0<strong>Renato Moreth<\/strong>, que respectivamente assinaram a produ\u00e7\u00e3o cultural e curadoria da<strong>\u00a0Le Bleu<\/strong>, mais uma vez comemoraram a parceria de sucesso que vem movimentando a cidade com uma exposi\u00e7\u00e3o que al\u00e9m de tirar o f\u00f4lego, celebra a amizade, a vida e a Arte.<strong>\u00a0Le Bleu<\/strong>\u00a0fica aberta \u00e0 visita\u00e7\u00e3o at\u00e9 o dia 14 de junho.<\/p>\n<p><img loading=\"lazy\" decoding=\"async\" class=\"alignnone wp-image-1896 size-full\" src=\"https:\/\/lebriones.art.br\/wp-content\/uploads\/2024\/03\/foto-05.png\" alt=\"\" width=\"768\" height=\"512\" srcset=\"https:\/\/lebriones.art.br\/wp-content\/uploads\/2024\/03\/foto-05.png 768w, https:\/\/lebriones.art.br\/wp-content\/uploads\/2024\/03\/foto-05-600x400.png 600w, https:\/\/lebriones.art.br\/wp-content\/uploads\/2024\/03\/foto-05-300x200.png 300w\" sizes=\"(max-width: 768px) 100vw, 768px\" \/><em>Angela Brasil, Elza Suzuki e Denise Miranda.<\/em><\/p>\n<p>&nbsp;<\/p>\n<p><img loading=\"lazy\" decoding=\"async\" class=\"alignnone wp-image-1897 size-full\" src=\"https:\/\/lebriones.art.br\/wp-content\/uploads\/2024\/03\/foto-06.png\" alt=\"\" width=\"973\" height=\"854\" srcset=\"https:\/\/lebriones.art.br\/wp-content\/uploads\/2024\/03\/foto-06.png 973w, https:\/\/lebriones.art.br\/wp-content\/uploads\/2024\/03\/foto-06-600x527.png 600w, https:\/\/lebriones.art.br\/wp-content\/uploads\/2024\/03\/foto-06-300x263.png 300w, https:\/\/lebriones.art.br\/wp-content\/uploads\/2024\/03\/foto-06-768x674.png 768w\" sizes=\"(max-width: 973px) 100vw, 973px\" \/><br \/>\n<em>Leila Briones, entre o filho L\u00e9o e o marido, Alexandre.<\/em><\/p>\n<p>&nbsp;<\/p>\n<p class=\"site-description\">\n","protected":false},"excerpt":{"rendered":"<p>Tudo Blue. POR LEANDRO AMORA DO LAGO Atualidades | contato: leandrodolago@hotmail.com O azul deu o tom e os mais de cem convidados foram, um a um, sendo envolvidos pela provoca\u00e7\u00e3o que as obras assinadas pela artista visual,\u00a0Leila Briones, lhes apresentou na noite da \u00faltima ter\u00e7a-feira, dia 12,<\/p>\n","protected":false},"author":1,"featured_media":1860,"comment_status":"open","ping_status":"open","sticky":false,"template":"","format":"standard","meta":{"om_disable_all_campaigns":false,"_monsterinsights_skip_tracking":false,"_monsterinsights_sitenote_active":false,"_monsterinsights_sitenote_note":"","_monsterinsights_sitenote_category":0,"footnotes":""},"categories":[21],"tags":[],"_links":{"self":[{"href":"https:\/\/lebriones.art.br\/index.php\/wp-json\/wp\/v2\/posts\/1890"}],"collection":[{"href":"https:\/\/lebriones.art.br\/index.php\/wp-json\/wp\/v2\/posts"}],"about":[{"href":"https:\/\/lebriones.art.br\/index.php\/wp-json\/wp\/v2\/types\/post"}],"author":[{"embeddable":true,"href":"https:\/\/lebriones.art.br\/index.php\/wp-json\/wp\/v2\/users\/1"}],"replies":[{"embeddable":true,"href":"https:\/\/lebriones.art.br\/index.php\/wp-json\/wp\/v2\/comments?post=1890"}],"version-history":[{"count":10,"href":"https:\/\/lebriones.art.br\/index.php\/wp-json\/wp\/v2\/posts\/1890\/revisions"}],"predecessor-version":[{"id":1900,"href":"https:\/\/lebriones.art.br\/index.php\/wp-json\/wp\/v2\/posts\/1890\/revisions\/1900"}],"wp:featuredmedia":[{"embeddable":true,"href":"https:\/\/lebriones.art.br\/index.php\/wp-json\/wp\/v2\/media\/1860"}],"wp:attachment":[{"href":"https:\/\/lebriones.art.br\/index.php\/wp-json\/wp\/v2\/media?parent=1890"}],"wp:term":[{"taxonomy":"category","embeddable":true,"href":"https:\/\/lebriones.art.br\/index.php\/wp-json\/wp\/v2\/categories?post=1890"},{"taxonomy":"post_tag","embeddable":true,"href":"https:\/\/lebriones.art.br\/index.php\/wp-json\/wp\/v2\/tags?post=1890"}],"curies":[{"name":"wp","href":"https:\/\/api.w.org\/{rel}","templated":true}]}}